{"id":1391,"date":"2018-07-28T09:14:30","date_gmt":"2018-07-28T09:14:30","guid":{"rendered":"http:\/\/certamenaltea.com\/2018\/12\/01\/resolucion-del-sorteo-del-45-cim-vila-daltea\/"},"modified":"2018-12-03T18:42:07","modified_gmt":"2018-12-03T18:42:07","slug":"resolucion-del-sorteo-del-45-cim-vila-daltea","status":"publish","type":"post","link":"https:\/\/www.certamenaltea.com\/va\/2018\/07\/28\/resolucion-del-sorteo-del-45-cim-vila-daltea\/","title":{"rendered":"Resoluci\u00f3 del sorteig del 45 CIM Vila d&#8217;Altea"},"content":{"rendered":"<p style=\"text-align: center;\">A continuaci\u00f3 disposa de la resoluci\u00f3 del sorteig de l&#8217;ordre de participaci\u00f3, aix\u00ed com del sorteig del jurat de la 45 edici\u00f3 del CIBM Vila d&#8217;Altea:<\/p>\n<div align=\"center\"><a href=\"http:\/\/www.alteacultural.es\/fckupload\/Resoluciones%20Acto%20Sorteo%20Certamen%2028-07-2018.pdf\" target=\"_blank\" rel=\"noopener\"><img decoding=\"async\" src=\"http:\/\/biblioteca.alteacultural.es\/images\/pdf.png\" alt=\"\" \/>\u00a0VEURE RESOLUCI\u00d3<\/a><\/div>\n<div align=\"center\"><a href=\"http:\/\/www.alteacultural.es\/fckupload\/Resoluciones%20Acto%20Sorteo%20Certamen%2015-07-2017.pdf\" target=\"_blank\" rel=\"noopener\">\u00a0<\/a><\/div>\n<div align=\"center\"><a href=\"https:\/\/www.facebook.com\/CertamenAltea\/videos\/10156518222623194\/\" target=\"_blank\" rel=\"noopener\">Veure l&#8217;acto del sorteig en v\u00eddeo<\/a><\/div>\n<div align=\"center\"><\/div>\n<div align=\"center\"><span style=\"color: #333333; font-size: xx-small;\">[Actualizaci\u00f3n 23\/10\/2018: Tras esta resoluci\u00f3n, uno de los miembros del jurado ha tenido que declinar su participaci\u00f3n, por lo cual se designa al siguiente miembro seg\u00fan la lista de reserva del Sorteo. La composici\u00f3n definitiva del jurado es: D\u00aa. J\u00falia Gallego (PRESIDENTA DEL JURADO); D\u00aa. Teresa Catal\u00e1n (VOCAL DEL JURADO) y D\u00aa Isabelle Ruf-Weber (VOCAL DEL JURADO)]\u00a0<\/span><\/div>\n","protected":false},"excerpt":{"rendered":"<p>A continuaci\u00f3 disposa de la resoluci\u00f3 del sorteig de l&#8217;ordre de participaci\u00f3, aix\u00ed com del sorteig del jurat de la 45 edici\u00f3 del CIBM Vila d&#8217;Altea: \u00a0VEURE RESOLUCI\u00d3 \u00a0 Veure l&#8217;acto del sorteig en v\u00eddeo [Actualizaci\u00f3n 23\/10\/2018: Tras esta resoluci\u00f3n, uno de los miembros del jurado ha tenido que declinar su participaci\u00f3n, por lo cual [&hellip;]<\/p>\n","protected":false},"author":1,"featured_media":1389,"comment_status":"open","ping_status":"open","sticky":false,"template":"","format":"standard","meta":{"footnotes":""},"categories":[41],"tags":[],"yoast_head":"<!-- This site is optimized with the Yoast SEO plugin v15.5 - https:\/\/yoast.com\/wordpress\/plugins\/seo\/ -->\n<title>Resoluci\u00f3 del sorteig del 45 CIM Vila d&#039;Altea - Certamen Internacional de M\u00fasica Villa de Altea<\/title>\n<meta name=\"robots\" content=\"index, follow, max-snippet:-1, max-image-preview:large, max-video-preview:-1\" \/>\n<link rel=\"canonical\" href=\"https:\/\/www.certamenaltea.com\/va\/2018\/07\/28\/resolucion-del-sorteo-del-45-cim-vila-daltea\/\" \/>\n<meta property=\"og:locale\" content=\"en_US\" \/>\n<meta property=\"og:type\" content=\"article\" \/>\n<meta property=\"og:title\" content=\"Resoluci\u00f3 del sorteig del 45 CIM Vila d&#039;Altea - Certamen Internacional de M\u00fasica Villa de Altea\" \/>\n<meta property=\"og:description\" content=\"A continuaci\u00f3 disposa de la resoluci\u00f3 del sorteig de l&#8217;ordre de participaci\u00f3, aix\u00ed com del sorteig del jurat de la 45 edici\u00f3 del CIBM Vila d&#8217;Altea: \u00a0VEURE RESOLUCI\u00d3 \u00a0 Veure l&#8217;acto del sorteig en v\u00eddeo [Actualizaci\u00f3n 23\/10\/2018: Tras esta resoluci\u00f3n, uno de los miembros del jurado ha tenido que declinar su participaci\u00f3n, por lo cual [&hellip;]\" \/>\n<meta property=\"og:url\" content=\"https:\/\/www.certamenaltea.com\/va\/2018\/07\/28\/resolucion-del-sorteo-del-45-cim-vila-daltea\/\" \/>\n<meta property=\"og:site_name\" content=\"Certamen Internacional de M\u00fasica Villa de Altea\" \/>\n<meta property=\"article:published_time\" content=\"2018-07-28T09:14:30+00:00\" \/>\n<meta property=\"article:modified_time\" content=\"2018-12-03T18:42:07+00:00\" \/>\n<meta property=\"og:image\" content=\"https:\/\/www.certamenaltea.com\/wp-content\/uploads\/2018\/12\/as.png\" \/>\n\t<meta property=\"og:image:width\" content=\"394\" \/>\n\t<meta property=\"og:image:height\" content=\"427\" \/>\n<meta name=\"twitter:card\" content=\"summary_large_image\" \/>\n<meta name=\"twitter:label1\" content=\"Est. reading time\">\n\t<meta name=\"twitter:data1\" content=\"0 minutes\">\n<script type=\"application\/ld+json\" class=\"yoast-schema-graph\">{\"@context\":\"https:\/\/schema.org\",\"@graph\":[{\"@type\":\"Organization\",\"@id\":\"https:\/\/www.certamenaltea.com\/#organization\",\"name\":\"Sociedad Filarm\\u00f3nica Alteanense\",\"url\":\"https:\/\/www.certamenaltea.com\/\",\"sameAs\":[],\"logo\":{\"@type\":\"ImageObject\",\"@id\":\"https:\/\/www.certamenaltea.com\/#logo\",\"inLanguage\":\"va\",\"url\":\"https:\/\/www.certamenaltea.com\/wp-content\/uploads\/2020\/08\/LOGO-SFA-res-web.jpg\",\"width\":600,\"height\":350,\"caption\":\"Sociedad Filarm\\u00f3nica Alteanense\"},\"image\":{\"@id\":\"https:\/\/www.certamenaltea.com\/#logo\"}},{\"@type\":\"WebSite\",\"@id\":\"https:\/\/www.certamenaltea.com\/#website\",\"url\":\"https:\/\/www.certamenaltea.com\/\",\"name\":\"Certamen Internacional de M\\u00fasica Villa de Altea\",\"description\":\"\",\"publisher\":{\"@id\":\"https:\/\/www.certamenaltea.com\/#organization\"},\"potentialAction\":[{\"@type\":\"SearchAction\",\"target\":\"https:\/\/www.certamenaltea.com\/?s={search_term_string}\",\"query-input\":\"required name=search_term_string\"}],\"inLanguage\":\"va\"},{\"@type\":\"ImageObject\",\"@id\":\"https:\/\/www.certamenaltea.com\/va\/2018\/07\/28\/resolucion-del-sorteo-del-45-cim-vila-daltea\/#primaryimage\",\"inLanguage\":\"va\",\"url\":\"https:\/\/www.certamenaltea.com\/wp-content\/uploads\/2018\/12\/as.png\",\"width\":394,\"height\":427},{\"@type\":\"WebPage\",\"@id\":\"https:\/\/www.certamenaltea.com\/va\/2018\/07\/28\/resolucion-del-sorteo-del-45-cim-vila-daltea\/#webpage\",\"url\":\"https:\/\/www.certamenaltea.com\/va\/2018\/07\/28\/resolucion-del-sorteo-del-45-cim-vila-daltea\/\",\"name\":\"Resoluci\\u00f3 del sorteig del 45 CIM Vila d'Altea - Certamen Internacional de M\\u00fasica Villa de Altea\",\"isPartOf\":{\"@id\":\"https:\/\/www.certamenaltea.com\/#website\"},\"primaryImageOfPage\":{\"@id\":\"https:\/\/www.certamenaltea.com\/va\/2018\/07\/28\/resolucion-del-sorteo-del-45-cim-vila-daltea\/#primaryimage\"},\"datePublished\":\"2018-07-28T09:14:30+00:00\",\"dateModified\":\"2018-12-03T18:42:07+00:00\",\"inLanguage\":\"va\",\"potentialAction\":[{\"@type\":\"ReadAction\",\"target\":[\"https:\/\/www.certamenaltea.com\/va\/2018\/07\/28\/resolucion-del-sorteo-del-45-cim-vila-daltea\/\"]}]},{\"@type\":\"Article\",\"@id\":\"https:\/\/www.certamenaltea.com\/va\/2018\/07\/28\/resolucion-del-sorteo-del-45-cim-vila-daltea\/#article\",\"isPartOf\":{\"@id\":\"https:\/\/www.certamenaltea.com\/va\/2018\/07\/28\/resolucion-del-sorteo-del-45-cim-vila-daltea\/#webpage\"},\"author\":{\"@id\":\"https:\/\/www.certamenaltea.com\/#\/schema\/person\/873c085ba1656a0f68c70009200c470a\"},\"headline\":\"Resoluci\\u00f3 del sorteig del 45 CIM Vila d&#8217;Altea\",\"datePublished\":\"2018-07-28T09:14:30+00:00\",\"dateModified\":\"2018-12-03T18:42:07+00:00\",\"mainEntityOfPage\":{\"@id\":\"https:\/\/www.certamenaltea.com\/va\/2018\/07\/28\/resolucion-del-sorteo-del-45-cim-vila-daltea\/#webpage\"},\"commentCount\":0,\"publisher\":{\"@id\":\"https:\/\/www.certamenaltea.com\/#organization\"},\"image\":{\"@id\":\"https:\/\/www.certamenaltea.com\/va\/2018\/07\/28\/resolucion-del-sorteo-del-45-cim-vila-daltea\/#primaryimage\"},\"articleSection\":\"Not\\u00edcies\",\"inLanguage\":\"va\",\"potentialAction\":[{\"@type\":\"CommentAction\",\"name\":\"Comment\",\"target\":[\"https:\/\/www.certamenaltea.com\/va\/2018\/07\/28\/resolucion-del-sorteo-del-45-cim-vila-daltea\/#respond\"]}]},{\"@type\":\"Person\",\"@id\":\"https:\/\/www.certamenaltea.com\/#\/schema\/person\/873c085ba1656a0f68c70009200c470a\",\"name\":\"sfaltea.com-admin\",\"image\":{\"@type\":\"ImageObject\",\"@id\":\"https:\/\/www.certamenaltea.com\/#personlogo\",\"inLanguage\":\"va\",\"url\":\"https:\/\/secure.gravatar.com\/avatar\/f7473fa2fbd351270ccfd469de536202?s=96&d=mm&r=g\",\"caption\":\"sfaltea.com-admin\"}}]}<\/script>\n<!-- \/ Yoast SEO plugin. -->","_links":{"self":[{"href":"https:\/\/www.certamenaltea.com\/va\/wp-json\/wp\/v2\/posts\/1391"}],"collection":[{"href":"https:\/\/www.certamenaltea.com\/va\/wp-json\/wp\/v2\/posts"}],"about":[{"href":"https:\/\/www.certamenaltea.com\/va\/wp-json\/wp\/v2\/types\/post"}],"author":[{"embeddable":true,"href":"https:\/\/www.certamenaltea.com\/va\/wp-json\/wp\/v2\/users\/1"}],"replies":[{"embeddable":true,"href":"https:\/\/www.certamenaltea.com\/va\/wp-json\/wp\/v2\/comments?post=1391"}],"version-history":[{"count":2,"href":"https:\/\/www.certamenaltea.com\/va\/wp-json\/wp\/v2\/posts\/1391\/revisions"}],"predecessor-version":[{"id":1399,"href":"https:\/\/www.certamenaltea.com\/va\/wp-json\/wp\/v2\/posts\/1391\/revisions\/1399"}],"wp:featuredmedia":[{"embeddable":true,"href":"https:\/\/www.certamenaltea.com\/va\/wp-json\/wp\/v2\/media\/1389"}],"wp:attachment":[{"href":"https:\/\/www.certamenaltea.com\/va\/wp-json\/wp\/v2\/media?parent=1391"}],"wp:term":[{"taxonomy":"category","embeddable":true,"href":"https:\/\/www.certamenaltea.com\/va\/wp-json\/wp\/v2\/categories?post=1391"},{"taxonomy":"post_tag","embeddable":true,"href":"https:\/\/www.certamenaltea.com\/va\/wp-json\/wp\/v2\/tags?post=1391"}],"curies":[{"name":"wp","href":"https:\/\/api.w.org\/{rel}","templated":true}]}}