{"id":1751,"date":"2019-07-02T19:50:55","date_gmt":"2019-07-02T19:50:55","guid":{"rendered":"http:\/\/certamenaltea.com\/2019\/07\/02\/bandas-seleccionadas-46-certamen-altea-2019\/"},"modified":"2021-05-06T17:36:51","modified_gmt":"2021-05-06T17:36:51","slug":"bandas-seleccionadas-46-certamen-altea-2019","status":"publish","type":"post","link":"https:\/\/www.certamenaltea.com\/va\/2019\/07\/02\/bandas-seleccionadas-46-certamen-altea-2019\/","title":{"rendered":"Bandes seleccionades 46 Certamen Altea &#8211; 2019"},"content":{"rendered":"<p>Una vegada finalitzat el termini d&#8217;inscripci\u00f3 per a la present edici\u00f3 del Certamen, el Comit\u00e9 Organitzador, en sessi\u00f3 de 1\/07\/2019 i d&#8217;acord amb les bases, ha seleccionat tres bandes per a participar en la present edici\u00f3, atenent als criteris de territorialitat, documentaci\u00f3 aportada, curr\u00edculum, obra lliure i orde d&#8217;inscripci\u00f3.<\/p>\n<p>Les bandes seleccionades s\u00f3n (per orde alfab\u00e8tic):<\/p>\n<p>1.-&nbsp;<b>Orquestra de Sopros da Academia de Artes de Chaves<\/b>&nbsp;(Portugal)<br \/>\n2.-&nbsp;<b>Sociedade Musical de Pevid\u00e9m<\/b>&nbsp;(Portugal)<br \/>\n3.-&nbsp;<b>Uni\u00f3 Musical de Lliria&nbsp;<\/b>(Valencia)<\/p>\n<p>.<\/p>\n<p>El jurat del Certamen estar\u00e0 compost per tres m\u00fasics de reconegut prestigi, dels que dos seran triats per sorteig el&nbsp;<strong>dissabte 6 de juliol del 2019, a les 12:00 h en la Casa de Cultura d&#8217;Altea<\/strong>, d&#8217;entre els relacionats en un llistat confeccionat pel comit\u00e9 organitzador. El llistat ser\u00e0 facilitat a les bandes participants uns dies abans del sorteig.<\/p>\n<p>El tercer membre de jurat, aix\u00ed com la designaci\u00f3 de c\u00e0rrec de president del Jurat, ser\u00e0 nomenat pel comit\u00e9 organitzador, com requerix les bases, i es revelar\u00e0 en este acte. Igualment, en este acte es far\u00e0 entrega p\u00fablica del material de les obres obligades del Certamen a les bandes participants.<\/p>\n<p>L&#8217;orde de participaci\u00f3 en qu\u00e8 actuaran les bandes en el Certamen tamb\u00e9 se sortejar\u00e0 en este acte.<\/p>\n<p>EL COMIT\u00c9 ORGANITZADOR<\/p>\n","protected":false},"excerpt":{"rendered":"<p>Una vegada finalitzat el termini d&#8217;inscripci\u00f3 per a la present edici\u00f3 del Certamen, el Comit\u00e9 Organitzador, en sessi\u00f3 de 1\/07\/2019 i d&#8217;acord amb les bases, ha seleccionat tres bandes per a participar en la present edici\u00f3, atenent als criteris de territorialitat, documentaci\u00f3 aportada, curr\u00edculum, obra lliure i orde d&#8217;inscripci\u00f3. Les bandes seleccionades s\u00f3n (per orde [&hellip;]<\/p>\n","protected":false},"author":1,"featured_media":452,"comment_status":"open","ping_status":"open","sticky":false,"template":"","format":"standard","meta":{"footnotes":""},"categories":[41,41],"tags":[],"yoast_head":"<!-- This site is optimized with the Yoast SEO plugin v15.5 - https:\/\/yoast.com\/wordpress\/plugins\/seo\/ -->\n<title>Bandes seleccionades 46 Certamen Altea - 2019 - Certamen Internacional de M\u00fasica Villa de Altea<\/title>\n<meta name=\"robots\" content=\"index, follow, max-snippet:-1, max-image-preview:large, max-video-preview:-1\" \/>\n<link rel=\"canonical\" href=\"https:\/\/www.certamenaltea.com\/va\/2019\/07\/02\/bandas-seleccionadas-46-certamen-altea-2019\/\" \/>\n<meta property=\"og:locale\" content=\"en_US\" \/>\n<meta property=\"og:type\" content=\"article\" \/>\n<meta property=\"og:title\" content=\"Bandes seleccionades 46 Certamen Altea - 2019 - Certamen Internacional de M\u00fasica Villa de Altea\" \/>\n<meta property=\"og:description\" content=\"Una vegada finalitzat el termini d&#8217;inscripci\u00f3 per a la present edici\u00f3 del Certamen, el Comit\u00e9 Organitzador, en sessi\u00f3 de 1\/07\/2019 i d&#8217;acord amb les bases, ha seleccionat tres bandes per a participar en la present edici\u00f3, atenent als criteris de territorialitat, documentaci\u00f3 aportada, curr\u00edculum, obra lliure i orde d&#8217;inscripci\u00f3. Les bandes seleccionades s\u00f3n (per orde [&hellip;]\" \/>\n<meta property=\"og:url\" content=\"https:\/\/www.certamenaltea.com\/va\/2019\/07\/02\/bandas-seleccionadas-46-certamen-altea-2019\/\" \/>\n<meta property=\"og:site_name\" content=\"Certamen Internacional de M\u00fasica Villa de Altea\" \/>\n<meta property=\"article:published_time\" content=\"2019-07-02T19:50:55+00:00\" \/>\n<meta property=\"article:modified_time\" content=\"2021-05-06T17:36:51+00:00\" \/>\n<meta property=\"og:image\" content=\"https:\/\/www.certamenaltea.com\/wp-content\/uploads\/2018\/04\/cim-Altea.jpg\" \/>\n\t<meta property=\"og:image:width\" content=\"960\" \/>\n\t<meta property=\"og:image:height\" content=\"960\" \/>\n<meta name=\"twitter:card\" content=\"summary_large_image\" \/>\n<meta name=\"twitter:label1\" content=\"Est. reading time\">\n\t<meta name=\"twitter:data1\" content=\"1 minute\">\n<script type=\"application\/ld+json\" class=\"yoast-schema-graph\">{\"@context\":\"https:\/\/schema.org\",\"@graph\":[{\"@type\":\"Organization\",\"@id\":\"https:\/\/www.certamenaltea.com\/#organization\",\"name\":\"Sociedad Filarm\\u00f3nica Alteanense\",\"url\":\"https:\/\/www.certamenaltea.com\/\",\"sameAs\":[],\"logo\":{\"@type\":\"ImageObject\",\"@id\":\"https:\/\/www.certamenaltea.com\/#logo\",\"inLanguage\":\"va\",\"url\":\"https:\/\/www.certamenaltea.com\/wp-content\/uploads\/2020\/08\/LOGO-SFA-res-web.jpg\",\"width\":600,\"height\":350,\"caption\":\"Sociedad Filarm\\u00f3nica Alteanense\"},\"image\":{\"@id\":\"https:\/\/www.certamenaltea.com\/#logo\"}},{\"@type\":\"WebSite\",\"@id\":\"https:\/\/www.certamenaltea.com\/#website\",\"url\":\"https:\/\/www.certamenaltea.com\/\",\"name\":\"Certamen Internacional de M\\u00fasica Villa de Altea\",\"description\":\"\",\"publisher\":{\"@id\":\"https:\/\/www.certamenaltea.com\/#organization\"},\"potentialAction\":[{\"@type\":\"SearchAction\",\"target\":\"https:\/\/www.certamenaltea.com\/?s={search_term_string}\",\"query-input\":\"required name=search_term_string\"}],\"inLanguage\":\"va\"},{\"@type\":\"ImageObject\",\"@id\":\"https:\/\/www.certamenaltea.com\/va\/2019\/07\/02\/bandas-seleccionadas-46-certamen-altea-2019\/#primaryimage\",\"inLanguage\":\"va\",\"url\":\"https:\/\/www.certamenaltea.com\/wp-content\/uploads\/2018\/04\/cim-Altea.jpg\",\"width\":960,\"height\":960},{\"@type\":\"WebPage\",\"@id\":\"https:\/\/www.certamenaltea.com\/va\/2019\/07\/02\/bandas-seleccionadas-46-certamen-altea-2019\/#webpage\",\"url\":\"https:\/\/www.certamenaltea.com\/va\/2019\/07\/02\/bandas-seleccionadas-46-certamen-altea-2019\/\",\"name\":\"Bandes seleccionades 46 Certamen Altea - 2019 - Certamen Internacional de M\\u00fasica Villa de Altea\",\"isPartOf\":{\"@id\":\"https:\/\/www.certamenaltea.com\/#website\"},\"primaryImageOfPage\":{\"@id\":\"https:\/\/www.certamenaltea.com\/va\/2019\/07\/02\/bandas-seleccionadas-46-certamen-altea-2019\/#primaryimage\"},\"datePublished\":\"2019-07-02T19:50:55+00:00\",\"dateModified\":\"2021-05-06T17:36:51+00:00\",\"inLanguage\":\"va\",\"potentialAction\":[{\"@type\":\"ReadAction\",\"target\":[\"https:\/\/www.certamenaltea.com\/va\/2019\/07\/02\/bandas-seleccionadas-46-certamen-altea-2019\/\"]}]},{\"@type\":\"Article\",\"@id\":\"https:\/\/www.certamenaltea.com\/va\/2019\/07\/02\/bandas-seleccionadas-46-certamen-altea-2019\/#article\",\"isPartOf\":{\"@id\":\"https:\/\/www.certamenaltea.com\/va\/2019\/07\/02\/bandas-seleccionadas-46-certamen-altea-2019\/#webpage\"},\"author\":{\"@id\":\"https:\/\/www.certamenaltea.com\/#\/schema\/person\/873c085ba1656a0f68c70009200c470a\"},\"headline\":\"Bandes seleccionades 46 Certamen Altea &#8211; 2019\",\"datePublished\":\"2019-07-02T19:50:55+00:00\",\"dateModified\":\"2021-05-06T17:36:51+00:00\",\"mainEntityOfPage\":{\"@id\":\"https:\/\/www.certamenaltea.com\/va\/2019\/07\/02\/bandas-seleccionadas-46-certamen-altea-2019\/#webpage\"},\"commentCount\":0,\"publisher\":{\"@id\":\"https:\/\/www.certamenaltea.com\/#organization\"},\"image\":{\"@id\":\"https:\/\/www.certamenaltea.com\/va\/2019\/07\/02\/bandas-seleccionadas-46-certamen-altea-2019\/#primaryimage\"},\"articleSection\":\"Not\\u00edcies,Not\\u00edcies\",\"inLanguage\":\"va\",\"potentialAction\":[{\"@type\":\"CommentAction\",\"name\":\"Comment\",\"target\":[\"https:\/\/www.certamenaltea.com\/va\/2019\/07\/02\/bandas-seleccionadas-46-certamen-altea-2019\/#respond\"]}]},{\"@type\":\"Person\",\"@id\":\"https:\/\/www.certamenaltea.com\/#\/schema\/person\/873c085ba1656a0f68c70009200c470a\",\"name\":\"sfaltea.com-admin\",\"image\":{\"@type\":\"ImageObject\",\"@id\":\"https:\/\/www.certamenaltea.com\/#personlogo\",\"inLanguage\":\"va\",\"url\":\"https:\/\/secure.gravatar.com\/avatar\/f7473fa2fbd351270ccfd469de536202?s=96&d=mm&r=g\",\"caption\":\"sfaltea.com-admin\"}}]}<\/script>\n<!-- \/ Yoast SEO plugin. -->","_links":{"self":[{"href":"https:\/\/www.certamenaltea.com\/va\/wp-json\/wp\/v2\/posts\/1751"}],"collection":[{"href":"https:\/\/www.certamenaltea.com\/va\/wp-json\/wp\/v2\/posts"}],"about":[{"href":"https:\/\/www.certamenaltea.com\/va\/wp-json\/wp\/v2\/types\/post"}],"author":[{"embeddable":true,"href":"https:\/\/www.certamenaltea.com\/va\/wp-json\/wp\/v2\/users\/1"}],"replies":[{"embeddable":true,"href":"https:\/\/www.certamenaltea.com\/va\/wp-json\/wp\/v2\/comments?post=1751"}],"version-history":[{"count":3,"href":"https:\/\/www.certamenaltea.com\/va\/wp-json\/wp\/v2\/posts\/1751\/revisions"}],"predecessor-version":[{"id":2383,"href":"https:\/\/www.certamenaltea.com\/va\/wp-json\/wp\/v2\/posts\/1751\/revisions\/2383"}],"wp:featuredmedia":[{"embeddable":true,"href":"https:\/\/www.certamenaltea.com\/va\/wp-json\/wp\/v2\/media\/452"}],"wp:attachment":[{"href":"https:\/\/www.certamenaltea.com\/va\/wp-json\/wp\/v2\/media?parent=1751"}],"wp:term":[{"taxonomy":"category","embeddable":true,"href":"https:\/\/www.certamenaltea.com\/va\/wp-json\/wp\/v2\/categories?post=1751"},{"taxonomy":"post_tag","embeddable":true,"href":"https:\/\/www.certamenaltea.com\/va\/wp-json\/wp\/v2\/tags?post=1751"}],"curies":[{"name":"wp","href":"https:\/\/api.w.org\/{rel}","templated":true}]}}